{"id":706,"date":"2019-11-01T10:53:47","date_gmt":"2019-11-01T09:53:47","guid":{"rendered":"https:\/\/pietersmaggemanofletters.wordpress.com\/?p=706"},"modified":"2021-01-05T20:41:18","modified_gmt":"2021-01-05T19:41:18","slug":"ontgrenzen-bij-buitenkunst-4","status":"publish","type":"post","link":"https:\/\/manofletters.nl\/wp\/2019\/11\/01\/ontgrenzen-bij-buitenkunst-4\/","title":{"rendered":"Experimenteel Drukwerk (2018)"},"content":{"rendered":"\n<h4 class=\"wp-block-heading\">Schubert en de dood<\/h4>\n\n\n\n<p>Na een priv\u00e9-concert met drie liederen door de Schubert-workshop en een korte \u201emeet &amp; greet\u201d met de zangers, gingen de grafici aan het werk om \u00e9\u00e9n van de liederen in beeld te brengen.<\/p>\n\n\n\n<p>Mijn keuze viel op Erlk\u00f6nig, waarvan ik de vijf stemmen wilde weergeven: de verteller, de vader, het kind, Erlk\u00f6nig, en de instrumentale stem van de piano. In elke maat overheerst wel \u00e9\u00e9n stem, terwijl door alles heen het jachtige pianoritme maar doorgaat, tot vlak voor het einde.<\/p>\n\n\n\n<p>Ik kon het lied natuurlijk weergeven zoals bladmuziek of een gedicht, met de regels onder elkaar. Maar toen ik bij de materialen een kassarol tegenkwam, wist ik dat het op die lange strook ging komen, alle maten achter elkaar. <\/p>\n\n\n\n<p>In <strong><em>Schuberts Erlk\u00f6nig<\/em><\/strong> hebben de verschillende stemmen hun eigen stempels gekregen in de vorm van kleine vierkante linoleumsnedes. Op de achterkant van het halfdoorschijnende papier heb ik het doorgaande pianoritme afgedrukt, op de voorkant de stemmen.<\/p>\n\n\n\n<div class=\"wp-block-image\"><figure class=\"aligncenter size-large\"><img loading=\"lazy\" decoding=\"async\" width=\"2560\" height=\"850\" src=\"https:\/\/manofletters.nl\/wp\/wp-content\/uploads\/2019\/08\/8-alles-scaled-1.jpg?w=750\" alt=\"\" class=\"wp-image-483\" srcset=\"https:\/\/manofletters.nl\/wp\/wp-content\/uploads\/2019\/08\/8-alles-scaled-1.jpg 2560w, https:\/\/manofletters.nl\/wp\/wp-content\/uploads\/2019\/08\/8-alles-scaled-1-300x100.jpg 300w, https:\/\/manofletters.nl\/wp\/wp-content\/uploads\/2019\/08\/8-alles-scaled-1-1024x340.jpg 1024w, https:\/\/manofletters.nl\/wp\/wp-content\/uploads\/2019\/08\/8-alles-scaled-1-768x255.jpg 768w, https:\/\/manofletters.nl\/wp\/wp-content\/uploads\/2019\/08\/8-alles-scaled-1-1536x510.jpg 1536w, https:\/\/manofletters.nl\/wp\/wp-content\/uploads\/2019\/08\/8-alles-scaled-1-2048x680.jpg 2048w\" sizes=\"auto, (max-width: 2560px) 100vw, 2560px\" \/><\/figure><\/div>\n\n\n\n<p class=\"has-text-align-left has-small-font-size\"><strong><em>Schuberts Erlk\u00f6nig<\/em><\/strong><\/p>\n\n\n\n<div class=\"wp-block-image\"><figure class=\"aligncenter\"><img decoding=\"async\" src=\"https:\/\/manofletters.nl\/wp\/wp-content\/uploads\/2019\/08\/1-piano-scaled-1.jpg\" alt=\"\"\/><\/figure><\/div>\n\n\n\n<p class=\"has-text-align-left has-small-font-size\"><em>Piano-inleiding<\/em><\/p>\n\n\n\n<figure class=\"wp-block-image\"><img decoding=\"async\" src=\"https:\/\/manofletters.nl\/wp\/wp-content\/uploads\/2019\/08\/2-verteller-scaled-1.jpg\" alt=\"\"\/><\/figure>\n\n\n\n<p class=\"has-small-font-size\"><em>Verteller:<\/em> Wer reitet so sp\u00e4t durch Nacht und Wind?<\/p>\n\n\n\n<figure class=\"wp-block-image\"><img decoding=\"async\" src=\"https:\/\/manofletters.nl\/wp\/wp-content\/uploads\/2019\/08\/3-vader-scaled-1.jpg\" alt=\"\"\/><\/figure>\n\n\n\n<p class=\"has-small-font-size\"><em>Vader:<\/em>  Mein Sohn, was birgst du so bang dein Gesicht?<\/p>\n\n\n\n<figure class=\"wp-block-image\"><img decoding=\"async\" src=\"https:\/\/manofletters.nl\/wp\/wp-content\/uploads\/2019\/08\/4-kind-scaled-1.jpg\" alt=\"\"\/><\/figure>\n\n\n\n<p class=\"has-small-font-size\"><em>Kind:<\/em> Siehst Vater, du den Erlk\u00f6nig nicht?<\/p>\n\n\n\n<figure class=\"wp-block-image\"><img decoding=\"async\" src=\"https:\/\/manofletters.nl\/wp\/wp-content\/uploads\/2019\/08\/5-erlkonig-kind-1-scaled-1.jpg\" alt=\"\"\/><\/figure>\n\n\n\n<p class=\"has-small-font-size\"><em>Erlk\u00f6nig:<\/em>  Meine Mutter hat  manch\u2019 g\u00fclden Gewand.<br><em>Kind:<\/em> Mein Vater , mein Vater, und h\u00f6rest du nicht, &#8230;<\/p>\n\n\n\n<figure class=\"wp-block-image\"><img decoding=\"async\" src=\"https:\/\/manofletters.nl\/wp\/wp-content\/uploads\/2019\/08\/6-erlkonig-kind-2-scaled-1.jpg\" alt=\"\"\/><\/figure>\n\n\n\n<p class=\"has-small-font-size\"><em>Erlk\u00f6nig:<\/em> Und bist du nicht willig, so brauch\u2019 ich Gewalt.<br><em>Kind:<\/em> Mein Vater, mein Vater, jetzt fa\u00dft er mich an!    <\/p>\n\n\n\n<figure class=\"wp-block-image\"><img decoding=\"async\" src=\"https:\/\/manofletters.nl\/wp\/wp-content\/uploads\/2019\/08\/7-tot-scaled-1.jpg\" alt=\"\"\/><\/figure>\n\n\n\n<p class=\"has-small-font-size\"><em>Verteller:<\/em> In seinen Armen das Kind war tot.<\/p>\n\n\n\n<figure class=\"wp-block-video\"><video controls src=\"https:\/\/beforebreakfast.manofletters.nl\/Sequence 05 low.mp4\"><\/video><figcaption>Gesynchroniseerd met de uitvoering van<br> <a rel=\"noreferrer noopener\" href=\"https:\/\/youtu.be\/y4N_e3B51RA?start=1\" target=\"_blank\">Dietrich Fischer-Dieskau (bariton) en Gerald Moore (piano) uit 1970.<\/a><br> Voor het beste resultaat:<br>open de uitvoering in een apart venster naast het huidige,<br>start dan dit filmpje, en start direct daarna de uitvoering.<\/figcaption><\/figure>\n\n\n\n<p>De andere liederen van Schubert waren <em>Der Tot und das M\u00e4dchen<\/em> en <em>Gretchen am Spinnrade<\/em>.<\/p>\n\n\n\n<h4 class=\"wp-block-heading\">Oplage 60<\/h4>\n\n\n\n<p>Nadat we uiteenlopende technieken hadden verkend  (van linosnede tot Yves Klein bodyprint), moesten we in \u00e9\u00e9n dag elk een drukwerk maken in een oplage van 60. Dat bleek nog niet zo gemakkelijk, maar we haalden allemaal n\u00e9t de deadline.<\/p>\n\n\n\n<p>We stelden 60 setjes samen van 16 verschillende prints. 17 daarvan hielden we zelf, de overige 43 waren voor belangstellenden.<\/p>\n\n\n\n<p>Een van de aanleidingen voor mijn druksel was de tentoonstelling van mijn moeders werk (\u201eRiek Smagge-Rouma: Levens Kunst\u201d) die mijn broer en ik (en mijn gezin met aanhang) in juni 2018 in het ouderlijk huis hadden georganiseerd. Ik heb \u201eGotisch\u201d schrift en het voor ons moeilijk leesbare <a rel=\"noreferrer noopener\" href=\"https:\/\/nl.wikipedia.org\/wiki\/S%C3%BCtterlin\" target=\"_blank\">S\u00fctterlinschrift<\/a> gebruikt.<\/p>\n\n\n\n<figure class=\"wp-block-image\"><img decoding=\"async\" src=\"https:\/\/manofletters.nl\/wp\/wp-content\/uploads\/2019\/08\/tod-leben600.jpg\" alt=\"Deze afbeelding heeft een leeg alt-attribuut; de bestandsnaam is tod-leben600.jpg\"\/><figcaption><strong><em>Tod &#8211; Leben<\/em><\/strong><br>Sjabloondruk (spuitbusverf) en linosnede.<\/figcaption><\/figure>\n\n\n\n<hr class=\"wp-block-separator is-style-wide\"\/>\n\n\n\n<p class=\"has-primary-background-color has-background has-small-font-size\">P.S.: De <a href=\"https:\/\/manofletters.nl\/wp\/2019\/10\/16\/herfstkaart\/#EDIT\">kaartjesfabriek <\/a>heeft afgelopen woensdag weer een bescheiden oplage gedraaid voor Allerzielen.<\/p>\n","protected":false},"excerpt":{"rendered":"<p><b>2018: Experimenteel Drukwerk.<\/b><br \/>\nNa een priv\u00e9-concert van de Schubert-workshop met <i>Erlk\u00f6nig<\/i>, <i>Der Tod und das M\u00e4dchen<\/i> en <i>Gretchen am Spinnrade<\/i>, gingen wij, de grafici, deze liederen in beeld brengen.<br \/>\nDe opdracht van de laatste dag was een druksel in een oplage van 60. &hellip; <a href=\"https:\/\/manofletters.nl\/wp\/2019\/11\/01\/ontgrenzen-bij-buitenkunst-4\/\" class=\"more-link\"><span class=\"readmore\">Lees verder&#8230;<span class=\"screen-reader-text\">Experimenteel Drukwerk (2018)<\/span><\/span><\/a><\/p>\n","protected":false},"author":1,"featured_media":1578,"comment_status":"open","ping_status":"open","sticky":false,"template":"","format":"standard","meta":{"jetpack_post_was_ever_published":false,"_jetpack_newsletter_access":"","_jetpack_dont_email_post_to_subs":false,"_jetpack_newsletter_tier_id":0,"_jetpack_memberships_contains_paywalled_content":false,"_jetpack_memberships_contains_paid_content":false,"footnotes":"","jetpack_publicize_message":"","jetpack_publicize_feature_enabled":true,"jetpack_social_post_already_shared":false,"jetpack_social_options":{"image_generator_settings":{"template":"highway","default_image_id":0,"font":"","enabled":false},"version":2}},"categories":[5],"tags":[19,20,21,33,34,44,48],"class_list":["post-706","post","type-post","status-publish","format-standard","has-post-thumbnail","hentry","category-buitenkunst","tag-dood","tag-drukken","tag-erlkonig","tag-leben","tag-leven","tag-schubert","tag-tod"],"jetpack_publicize_connections":[],"jetpack_featured_media_url":"https:\/\/manofletters.nl\/wp\/wp-content\/uploads\/2020\/01\/tod-leben600-xs.jpg","jetpack_sharing_enabled":true,"jetpack_likes_enabled":true,"_links":{"self":[{"href":"https:\/\/manofletters.nl\/wp\/wp-json\/wp\/v2\/posts\/706","targetHints":{"allow":["GET"]}}],"collection":[{"href":"https:\/\/manofletters.nl\/wp\/wp-json\/wp\/v2\/posts"}],"about":[{"href":"https:\/\/manofletters.nl\/wp\/wp-json\/wp\/v2\/types\/post"}],"author":[{"embeddable":true,"href":"https:\/\/manofletters.nl\/wp\/wp-json\/wp\/v2\/users\/1"}],"replies":[{"embeddable":true,"href":"https:\/\/manofletters.nl\/wp\/wp-json\/wp\/v2\/comments?post=706"}],"version-history":[{"count":5,"href":"https:\/\/manofletters.nl\/wp\/wp-json\/wp\/v2\/posts\/706\/revisions"}],"predecessor-version":[{"id":3008,"href":"https:\/\/manofletters.nl\/wp\/wp-json\/wp\/v2\/posts\/706\/revisions\/3008"}],"wp:featuredmedia":[{"embeddable":true,"href":"https:\/\/manofletters.nl\/wp\/wp-json\/wp\/v2\/media\/1578"}],"wp:attachment":[{"href":"https:\/\/manofletters.nl\/wp\/wp-json\/wp\/v2\/media?parent=706"}],"wp:term":[{"taxonomy":"category","embeddable":true,"href":"https:\/\/manofletters.nl\/wp\/wp-json\/wp\/v2\/categories?post=706"},{"taxonomy":"post_tag","embeddable":true,"href":"https:\/\/manofletters.nl\/wp\/wp-json\/wp\/v2\/tags?post=706"}],"curies":[{"name":"wp","href":"https:\/\/api.w.org\/{rel}","templated":true}]}}